{"id":3843,"date":"2016-11-28T11:19:52","date_gmt":"2016-11-28T10:19:52","guid":{"rendered":"http:\/\/marianetxebeste.com\/video-secoya-cocinas\/"},"modified":"2017-09-12T09:54:53","modified_gmt":"2017-09-12T07:54:53","slug":"secoya-cocinas-bideoa","status":"publish","type":"post","link":"https:\/\/marianetxebeste.com\/eu\/secoya-cocinas-bideoa\/","title":{"rendered":"SECOYA COCINAS bideoa"},"content":{"rendered":"<p>SECOYA BARNE DISEINUA Amaran ireki berri duten dendarentzat egindako enpresa bideoa. Bertan DICA etxearen diseinu eta kalitatea ikusi daiteke, sukalde, komunak eta altzarietan. Ternuako arrantzaleak, 2.<\/p>\n<p><a href=\"http:\/\/www.secoyainteriorismo.com\">www.secoyainteriorismo.com<\/a><\/p>\n<p><iframe loading=\"lazy\" title=\"Secoya Interiorismo: Tienda de cocinas en Amara (Donostia)\" width=\"500\" height=\"281\" src=\"https:\/\/www.youtube.com\/embed\/o3keQ3fhw4s?feature=oembed\" frameborder=\"0\" allow=\"accelerometer; autoplay; clipboard-write; encrypted-media; gyroscope; picture-in-picture; web-share\" referrerpolicy=\"strict-origin-when-cross-origin\" allowfullscreen><\/iframe><\/p>\n","protected":false},"excerpt":{"rendered":"<p>SECOYA BARNE DISEINUA Amaran ireki berri duten dendarentzat egindako enpresa bideoa. Bertan DICA etxearen diseinu eta kalitatea ikusi daiteke, sukalde, komunak eta altzarietan. Ternuako arrantzaleak, 2. www.secoyainteriorismo.com<\/p>\n","protected":false},"author":2,"featured_media":3365,"comment_status":"closed","ping_status":"open","sticky":false,"template":"","format":"standard","meta":{"footnotes":""},"categories":[164],"tags":[196,168,206],"class_list":["post-3843","post","type-post","status-publish","format-standard","has-post-thumbnail","hentry","category-enpresa-bideoa","tag-bideoa","tag-donostia-eu","tag-video-corporativo-eu"],"yoast_head":"<!-- This site is optimized with the Yoast SEO plugin v24.0 - https:\/\/yoast.com\/wordpress\/plugins\/seo\/ -->\n<title>V\u00eddeo corporativo de la tienda Secoya en Donostia<\/title>\n<meta name=\"description\" content=\"V\u00eddeo corporativo para la nueva tienda de Secoya Interiorismo en Amara (Donostia). V\u00eddeo publicitario de empresa en Donostia.\" \/>\n<meta name=\"robots\" content=\"index, follow, max-snippet:-1, max-image-preview:large, max-video-preview:-1\" \/>\n<link rel=\"canonical\" href=\"https:\/\/marianetxebeste.com\/eu\/secoya-cocinas-bideoa\/\" \/>\n<meta property=\"og:locale\" content=\"eu_ES\" \/>\n<meta property=\"og:type\" content=\"article\" \/>\n<meta property=\"og:title\" content=\"V\u00eddeo corporativo de la tienda Secoya en Donostia\" \/>\n<meta property=\"og:description\" content=\"V\u00eddeo corporativo para la nueva tienda de Secoya Interiorismo en Amara (Donostia). V\u00eddeo publicitario de empresa en Donostia.\" \/>\n<meta property=\"og:url\" content=\"https:\/\/marianetxebeste.com\/eu\/secoya-cocinas-bideoa\/\" \/>\n<meta property=\"og:site_name\" content=\"Marian Etxebeste\" \/>\n<meta property=\"article:published_time\" content=\"2016-11-28T10:19:52+00:00\" \/>\n<meta property=\"article:modified_time\" content=\"2017-09-12T07:54:53+00:00\" \/>\n<meta property=\"og:image\" content=\"https:\/\/marianetxebeste.com\/wp-content\/uploads\/2016\/11\/cabecera.video_.secoya.jpg\" \/>\n\t<meta property=\"og:image:width\" content=\"660\" \/>\n\t<meta property=\"og:image:height\" content=\"440\" \/>\n\t<meta property=\"og:image:type\" content=\"image\/jpeg\" \/>\n<meta name=\"author\" content=\"Marian Etxebeste\" \/>\n<meta name=\"twitter:card\" content=\"summary_large_image\" \/>\n<meta name=\"twitter:label1\" content=\"Written by\" \/>\n\t<meta name=\"twitter:data1\" content=\"Marian Etxebeste\" \/>\n<script type=\"application\/ld+json\" class=\"yoast-schema-graph\">{\"@context\":\"https:\/\/schema.org\",\"@graph\":[{\"@type\":\"WebPage\",\"@id\":\"https:\/\/marianetxebeste.com\/eu\/secoya-cocinas-bideoa\/\",\"url\":\"https:\/\/marianetxebeste.com\/eu\/secoya-cocinas-bideoa\/\",\"name\":\"V\u00eddeo corporativo de la tienda Secoya en Donostia\",\"isPartOf\":{\"@id\":\"https:\/\/marianetxebeste.com\/eu\/#website\"},\"primaryImageOfPage\":{\"@id\":\"https:\/\/marianetxebeste.com\/eu\/secoya-cocinas-bideoa\/#primaryimage\"},\"image\":{\"@id\":\"https:\/\/marianetxebeste.com\/eu\/secoya-cocinas-bideoa\/#primaryimage\"},\"thumbnailUrl\":\"https:\/\/marianetxebeste.com\/wp-content\/uploads\/2016\/11\/cabecera.video_.secoya.jpg\",\"datePublished\":\"2016-11-28T10:19:52+00:00\",\"dateModified\":\"2017-09-12T07:54:53+00:00\",\"author\":{\"@id\":\"https:\/\/marianetxebeste.com\/eu\/#\/schema\/person\/321c08b4e391b06118f10fd9eae5b56c\"},\"description\":\"V\u00eddeo corporativo para la nueva tienda de Secoya Interiorismo en Amara (Donostia). V\u00eddeo publicitario de empresa en Donostia.\",\"breadcrumb\":{\"@id\":\"https:\/\/marianetxebeste.com\/eu\/secoya-cocinas-bideoa\/#breadcrumb\"},\"inLanguage\":\"eu-ES\",\"potentialAction\":[{\"@type\":\"ReadAction\",\"target\":[\"https:\/\/marianetxebeste.com\/eu\/secoya-cocinas-bideoa\/\"]}]},{\"@type\":\"ImageObject\",\"inLanguage\":\"eu-ES\",\"@id\":\"https:\/\/marianetxebeste.com\/eu\/secoya-cocinas-bideoa\/#primaryimage\",\"url\":\"https:\/\/marianetxebeste.com\/wp-content\/uploads\/2016\/11\/cabecera.video_.secoya.jpg\",\"contentUrl\":\"https:\/\/marianetxebeste.com\/wp-content\/uploads\/2016\/11\/cabecera.video_.secoya.jpg\",\"width\":660,\"height\":440,\"caption\":\"v\u00eddeo secoya. v\u00eddeo corporativo en Donostia. v\u00eddeo promocional de la nueva tienda.\"},{\"@type\":\"BreadcrumbList\",\"@id\":\"https:\/\/marianetxebeste.com\/eu\/secoya-cocinas-bideoa\/#breadcrumb\",\"itemListElement\":[{\"@type\":\"ListItem\",\"position\":1,\"name\":\"Portada\",\"item\":\"https:\/\/marianetxebeste.com\/eu\/\"},{\"@type\":\"ListItem\",\"position\":2,\"name\":\"SECOYA COCINAS bideoa\"}]},{\"@type\":\"WebSite\",\"@id\":\"https:\/\/marianetxebeste.com\/eu\/#website\",\"url\":\"https:\/\/marianetxebeste.com\/eu\/\",\"name\":\"Marian Etxebeste\",\"description\":\"Fot\u00f3grafa en Donostia - Argazkilaria Donostian\",\"potentialAction\":[{\"@type\":\"SearchAction\",\"target\":{\"@type\":\"EntryPoint\",\"urlTemplate\":\"https:\/\/marianetxebeste.com\/eu\/?s={search_term_string}\"},\"query-input\":{\"@type\":\"PropertyValueSpecification\",\"valueRequired\":true,\"valueName\":\"search_term_string\"}}],\"inLanguage\":\"eu-ES\"},{\"@type\":\"Person\",\"@id\":\"https:\/\/marianetxebeste.com\/eu\/#\/schema\/person\/321c08b4e391b06118f10fd9eae5b56c\",\"name\":\"Marian Etxebeste\",\"sameAs\":[\"http:\/\/marianetxebeste.com\"]}]}<\/script>\n<!-- \/ Yoast SEO plugin. -->","yoast_head_json":{"title":"V\u00eddeo corporativo de la tienda Secoya en Donostia","description":"V\u00eddeo corporativo para la nueva tienda de Secoya Interiorismo en Amara (Donostia). V\u00eddeo publicitario de empresa en Donostia.","robots":{"index":"index","follow":"follow","max-snippet":"max-snippet:-1","max-image-preview":"max-image-preview:large","max-video-preview":"max-video-preview:-1"},"canonical":"https:\/\/marianetxebeste.com\/eu\/secoya-cocinas-bideoa\/","og_locale":"eu_ES","og_type":"article","og_title":"V\u00eddeo corporativo de la tienda Secoya en Donostia","og_description":"V\u00eddeo corporativo para la nueva tienda de Secoya Interiorismo en Amara (Donostia). V\u00eddeo publicitario de empresa en Donostia.","og_url":"https:\/\/marianetxebeste.com\/eu\/secoya-cocinas-bideoa\/","og_site_name":"Marian Etxebeste","article_published_time":"2016-11-28T10:19:52+00:00","article_modified_time":"2017-09-12T07:54:53+00:00","og_image":[{"width":660,"height":440,"url":"https:\/\/marianetxebeste.com\/wp-content\/uploads\/2016\/11\/cabecera.video_.secoya.jpg","type":"image\/jpeg"}],"author":"Marian Etxebeste","twitter_card":"summary_large_image","twitter_misc":{"Written by":"Marian Etxebeste"},"schema":{"@context":"https:\/\/schema.org","@graph":[{"@type":"WebPage","@id":"https:\/\/marianetxebeste.com\/eu\/secoya-cocinas-bideoa\/","url":"https:\/\/marianetxebeste.com\/eu\/secoya-cocinas-bideoa\/","name":"V\u00eddeo corporativo de la tienda Secoya en Donostia","isPartOf":{"@id":"https:\/\/marianetxebeste.com\/eu\/#website"},"primaryImageOfPage":{"@id":"https:\/\/marianetxebeste.com\/eu\/secoya-cocinas-bideoa\/#primaryimage"},"image":{"@id":"https:\/\/marianetxebeste.com\/eu\/secoya-cocinas-bideoa\/#primaryimage"},"thumbnailUrl":"https:\/\/marianetxebeste.com\/wp-content\/uploads\/2016\/11\/cabecera.video_.secoya.jpg","datePublished":"2016-11-28T10:19:52+00:00","dateModified":"2017-09-12T07:54:53+00:00","author":{"@id":"https:\/\/marianetxebeste.com\/eu\/#\/schema\/person\/321c08b4e391b06118f10fd9eae5b56c"},"description":"V\u00eddeo corporativo para la nueva tienda de Secoya Interiorismo en Amara (Donostia). V\u00eddeo publicitario de empresa en Donostia.","breadcrumb":{"@id":"https:\/\/marianetxebeste.com\/eu\/secoya-cocinas-bideoa\/#breadcrumb"},"inLanguage":"eu-ES","potentialAction":[{"@type":"ReadAction","target":["https:\/\/marianetxebeste.com\/eu\/secoya-cocinas-bideoa\/"]}]},{"@type":"ImageObject","inLanguage":"eu-ES","@id":"https:\/\/marianetxebeste.com\/eu\/secoya-cocinas-bideoa\/#primaryimage","url":"https:\/\/marianetxebeste.com\/wp-content\/uploads\/2016\/11\/cabecera.video_.secoya.jpg","contentUrl":"https:\/\/marianetxebeste.com\/wp-content\/uploads\/2016\/11\/cabecera.video_.secoya.jpg","width":660,"height":440,"caption":"v\u00eddeo secoya. v\u00eddeo corporativo en Donostia. v\u00eddeo promocional de la nueva tienda."},{"@type":"BreadcrumbList","@id":"https:\/\/marianetxebeste.com\/eu\/secoya-cocinas-bideoa\/#breadcrumb","itemListElement":[{"@type":"ListItem","position":1,"name":"Portada","item":"https:\/\/marianetxebeste.com\/eu\/"},{"@type":"ListItem","position":2,"name":"SECOYA COCINAS bideoa"}]},{"@type":"WebSite","@id":"https:\/\/marianetxebeste.com\/eu\/#website","url":"https:\/\/marianetxebeste.com\/eu\/","name":"Marian Etxebeste","description":"Fot\u00f3grafa en Donostia - Argazkilaria Donostian","potentialAction":[{"@type":"SearchAction","target":{"@type":"EntryPoint","urlTemplate":"https:\/\/marianetxebeste.com\/eu\/?s={search_term_string}"},"query-input":{"@type":"PropertyValueSpecification","valueRequired":true,"valueName":"search_term_string"}}],"inLanguage":"eu-ES"},{"@type":"Person","@id":"https:\/\/marianetxebeste.com\/eu\/#\/schema\/person\/321c08b4e391b06118f10fd9eae5b56c","name":"Marian Etxebeste","sameAs":["http:\/\/marianetxebeste.com"]}]}},"brizy_media":[],"_links":{"self":[{"href":"https:\/\/marianetxebeste.com\/eu\/wp-json\/wp\/v2\/posts\/3843","targetHints":{"allow":["GET"]}}],"collection":[{"href":"https:\/\/marianetxebeste.com\/eu\/wp-json\/wp\/v2\/posts"}],"about":[{"href":"https:\/\/marianetxebeste.com\/eu\/wp-json\/wp\/v2\/types\/post"}],"author":[{"embeddable":true,"href":"https:\/\/marianetxebeste.com\/eu\/wp-json\/wp\/v2\/users\/2"}],"replies":[{"embeddable":true,"href":"https:\/\/marianetxebeste.com\/eu\/wp-json\/wp\/v2\/comments?post=3843"}],"version-history":[{"count":1,"href":"https:\/\/marianetxebeste.com\/eu\/wp-json\/wp\/v2\/posts\/3843\/revisions"}],"predecessor-version":[{"id":3844,"href":"https:\/\/marianetxebeste.com\/eu\/wp-json\/wp\/v2\/posts\/3843\/revisions\/3844"}],"wp:featuredmedia":[{"embeddable":true,"href":"https:\/\/marianetxebeste.com\/eu\/wp-json\/wp\/v2\/media\/3365"}],"wp:attachment":[{"href":"https:\/\/marianetxebeste.com\/eu\/wp-json\/wp\/v2\/media?parent=3843"}],"wp:term":[{"taxonomy":"category","embeddable":true,"href":"https:\/\/marianetxebeste.com\/eu\/wp-json\/wp\/v2\/categories?post=3843"},{"taxonomy":"post_tag","embeddable":true,"href":"https:\/\/marianetxebeste.com\/eu\/wp-json\/wp\/v2\/tags?post=3843"}],"curies":[{"name":"wp","href":"https:\/\/api.w.org\/{rel}","templated":true}]}}